{"id":1388,"date":"2020-11-08T17:20:48","date_gmt":"2020-11-08T16:20:48","guid":{"rendered":"https:\/\/www.grundschule-erich-weinert.de\/foevgsew\/?p=1388"},"modified":"2020-11-08T17:43:37","modified_gmt":"2020-11-08T16:43:37","slug":"pressemitteilung-des-ministeriums","status":"publish","type":"post","link":"https:\/\/www.grundschule-erich-weinert.de\/?p=1388","title":{"rendered":"Pressemitteilung des Ministeriums"},"content":{"rendered":"<p>Liebe Eltern,<\/p>\n<p>anbei finden Sie die aktuelle Pressemitteilung.<\/p>\n<p>Bitte diese zum Lesen anklicken.<\/p>\n<p><a href=\"https:\/\/www.grundschule-erich-weinert.de\/foevgsew\/wp-content\/uploads\/2020\/11\/bildungsministerium_06_11_2020_pressemitteilung_rahmenplan-fuer-schulen-wird-fortgeschrieben.pdf\">bildungsministerium_06_11_2020_pressemitteilung_rahmenplan-fuer-schulen-wird-fortgeschrieben<\/a><\/p>\n<p>Auch der Rahmenhygieneplan wurde angepasst, sich dadurch ergebende Ver\u00e4nderungen an unserer Schule gehen Ihnen auf diesem Wege zu. Besuchen Sie die Homepage weiterhin regelm\u00e4\u00dfig.<\/p>\n<p>Bleiben Sie gesund!<\/p>\n<p>Viele Gr\u00fc\u00dfe<\/p>\n<p>Sandra Berger<\/p>\n<p>&nbsp;<\/p>\n<p>&nbsp;<\/p>\n","protected":false},"excerpt":{"rendered":"<p>Liebe Eltern, anbei finden Sie die aktuelle Pressemitteilung. Bitte diese zum Lesen anklicken. bildungsministerium_06_11_2020_pressemitteilung_rahmenplan-fuer-schulen-wird-fortgeschrieben Auch der Rahmenhygieneplan wurde angepasst, sich dadurch ergebende Ver\u00e4nderungen an unserer Schule gehen Ihnen auf diesem Wege zu. Besuchen Sie die Homepage weiterhin regelm\u00e4\u00dfig. Bleiben Sie gesund! Viele Gr\u00fc\u00dfe Sandra Berger &nbsp; &nbsp;<\/p>\n","protected":false},"author":2,"featured_media":0,"comment_status":"open","ping_status":"open","sticky":false,"template":"","format":"standard","meta":{"footnotes":""},"categories":[1],"tags":[],"class_list":["post-1388","post","type-post","status-publish","format-standard","hentry","category-allgemein"],"_links":{"self":[{"href":"https:\/\/www.grundschule-erich-weinert.de\/index.php?rest_route=\/wp\/v2\/posts\/1388","targetHints":{"allow":["GET"]}}],"collection":[{"href":"https:\/\/www.grundschule-erich-weinert.de\/index.php?rest_route=\/wp\/v2\/posts"}],"about":[{"href":"https:\/\/www.grundschule-erich-weinert.de\/index.php?rest_route=\/wp\/v2\/types\/post"}],"author":[{"embeddable":true,"href":"https:\/\/www.grundschule-erich-weinert.de\/index.php?rest_route=\/wp\/v2\/users\/2"}],"replies":[{"embeddable":true,"href":"https:\/\/www.grundschule-erich-weinert.de\/index.php?rest_route=%2Fwp%2Fv2%2Fcomments&post=1388"}],"version-history":[{"count":2,"href":"https:\/\/www.grundschule-erich-weinert.de\/index.php?rest_route=\/wp\/v2\/posts\/1388\/revisions"}],"predecessor-version":[{"id":1391,"href":"https:\/\/www.grundschule-erich-weinert.de\/index.php?rest_route=\/wp\/v2\/posts\/1388\/revisions\/1391"}],"wp:attachment":[{"href":"https:\/\/www.grundschule-erich-weinert.de\/index.php?rest_route=%2Fwp%2Fv2%2Fmedia&parent=1388"}],"wp:term":[{"taxonomy":"category","embeddable":true,"href":"https:\/\/www.grundschule-erich-weinert.de\/index.php?rest_route=%2Fwp%2Fv2%2Fcategories&post=1388"},{"taxonomy":"post_tag","embeddable":true,"href":"https:\/\/www.grundschule-erich-weinert.de\/index.php?rest_route=%2Fwp%2Fv2%2Ftags&post=1388"}],"curies":[{"name":"wp","href":"https:\/\/api.w.org\/{rel}","templated":true}]}}