{"id":1679,"date":"2021-06-30T18:24:55","date_gmt":"2021-06-30T16:24:55","guid":{"rendered":"https:\/\/www.grundschule-erich-weinert.de\/foevgsew\/?p=1679"},"modified":"2021-06-30T18:24:55","modified_gmt":"2021-06-30T16:24:55","slug":"einschulung-2021-3","status":"publish","type":"post","link":"https:\/\/www.grundschule-erich-weinert.de\/?p=1679","title":{"rendered":"Einschulung 2021"},"content":{"rendered":"<p>Liebe Eltern,<\/p>\n<p>ich hatte Sie bez\u00fcglich der Einschulung Ihrer Kinder um Geduld gebeten, ich merke nun, dass einige von Ihnen sich darin noch etwas \u00fcben m\u00fcssen. \ud83d\ude09<\/p>\n<p>Ich kann verstehen, dass Sie planen wollen, uns geht es nicht anders. Doch leider sind noch so viele Fragen offen, dass es mir nur ansatzweise m\u00f6glich sein wird, Ihnen N\u00e4heres mitzuteilen.<\/p>\n<p>Die personelle Situation an unserer Schule l\u00e4sst eine Klasseneinteilung zum jetzigen Zeitpunkt nicht zu.<\/p>\n<p>Ich m\u00f6chte Ihnen auch nicht heute diese Mitteilung geben und kurze Zeit sp\u00e4ter muss ich sie wieder revidieren, ich hoffe nun auf Ihr Verst\u00e4ndnis.<\/p>\n<p>Zumindest kann ich Ihnen sagen, dass wir die M\u00f6glichkeit haben werden, Ihre Kinder im Kulturhaus aufzunehmen. Voraussichtlich werden 2 Veranstaltungen stattfinden. Planen Sie ein Zeitfenster von 9- 12.30 Uhr ein. Das hei\u00dft in diesem Fenster werden dann 2 Veranstaltungen stattfinden.<br \/>\nSo bald ich Klarheit bez\u00fcglich der offenen Fragen habe, erhalten Sie entweder hier oder aber \u00a0per Mail weitere Informationen.<\/p>\n<p>Ich danke nochmals f\u00fcr Ihr Verst\u00e4ndnis und Ihre Geduld!<\/p>\n<p>Viele Gr\u00fc\u00dfe<\/p>\n<p>Sandra Berger<\/p>\n<p>&nbsp;<\/p>\n<p>&nbsp;<\/p>\n<p>&nbsp;<\/p>\n","protected":false},"excerpt":{"rendered":"<p>Liebe Eltern, ich hatte Sie bez\u00fcglich der Einschulung Ihrer Kinder um Geduld gebeten, ich merke nun, dass einige von Ihnen sich darin noch etwas \u00fcben m\u00fcssen. \ud83d\ude09 Ich kann verstehen, dass Sie planen wollen, uns geht es nicht anders. Doch leider sind noch so viele Fragen offen, dass es mir nur ansatzweise m\u00f6glich sein wird, [&hellip;]<\/p>\n","protected":false},"author":2,"featured_media":0,"comment_status":"open","ping_status":"open","sticky":false,"template":"","format":"standard","meta":{"footnotes":""},"categories":[1],"tags":[],"class_list":["post-1679","post","type-post","status-publish","format-standard","hentry","category-allgemein"],"_links":{"self":[{"href":"https:\/\/www.grundschule-erich-weinert.de\/index.php?rest_route=\/wp\/v2\/posts\/1679","targetHints":{"allow":["GET"]}}],"collection":[{"href":"https:\/\/www.grundschule-erich-weinert.de\/index.php?rest_route=\/wp\/v2\/posts"}],"about":[{"href":"https:\/\/www.grundschule-erich-weinert.de\/index.php?rest_route=\/wp\/v2\/types\/post"}],"author":[{"embeddable":true,"href":"https:\/\/www.grundschule-erich-weinert.de\/index.php?rest_route=\/wp\/v2\/users\/2"}],"replies":[{"embeddable":true,"href":"https:\/\/www.grundschule-erich-weinert.de\/index.php?rest_route=%2Fwp%2Fv2%2Fcomments&post=1679"}],"version-history":[{"count":2,"href":"https:\/\/www.grundschule-erich-weinert.de\/index.php?rest_route=\/wp\/v2\/posts\/1679\/revisions"}],"predecessor-version":[{"id":1681,"href":"https:\/\/www.grundschule-erich-weinert.de\/index.php?rest_route=\/wp\/v2\/posts\/1679\/revisions\/1681"}],"wp:attachment":[{"href":"https:\/\/www.grundschule-erich-weinert.de\/index.php?rest_route=%2Fwp%2Fv2%2Fmedia&parent=1679"}],"wp:term":[{"taxonomy":"category","embeddable":true,"href":"https:\/\/www.grundschule-erich-weinert.de\/index.php?rest_route=%2Fwp%2Fv2%2Fcategories&post=1679"},{"taxonomy":"post_tag","embeddable":true,"href":"https:\/\/www.grundschule-erich-weinert.de\/index.php?rest_route=%2Fwp%2Fv2%2Ftags&post=1679"}],"curies":[{"name":"wp","href":"https:\/\/api.w.org\/{rel}","templated":true}]}}