{"id":1715,"date":"2021-11-04T13:31:30","date_gmt":"2021-11-04T12:31:30","guid":{"rendered":"https:\/\/www.grundschule-erich-weinert.de\/foevgsew\/?p=1715"},"modified":"2021-11-09T14:55:05","modified_gmt":"2021-11-09T13:55:05","slug":"digitalpakt-schule-investition-in-die-digitale-infrastruktur-der-grundschule-erich-weinert","status":"publish","type":"post","link":"https:\/\/www.grundschule-erich-weinert.de\/?p=1715","title":{"rendered":"DigitalPakt Schule &#8211; Investition in die digitale Infrastruktur der Grundschule \u201eErich Weinert\u201c"},"content":{"rendered":"<p><strong>DigitalPakt Schule &#8211; Investition in die digitale Infrastruktur der Grundschule \u201eErich Weinert\u201c<\/strong><\/p>\n<p>Die kommunale Grundschule \u201eErich Weinert\u201c der Stadt Bitterfeld-Wolfen wird bei der Digitalisierung mit einer F\u00f6rderung in H\u00f6he von 132.050 Euro aus dem Programm \u201eDigitalPakt Schule\u201c des\u00a0 Bundesministeriums f\u00fcr Bildung und Forschung unterst\u00fctzt.<\/p>\n<p>Inklusive des zehnprozentigen Eigenmittelanteils werden bis 2024 in Summe 146.722 Euro in die digitale Infrastruktur der Grundschule mit insgesamt ca. 260 Sch\u00fclern investiert.<\/p>\n<p>Die F\u00f6rderma\u00dfnahme umfasst den Aufbau und die Verbesserung der digitalen Verkabelung und Vernetzung der Grundschule, die Einrichtung des schulischen WLAN, die Anschaffung von Anzeige- und Interaktionsger\u00e4ten sowie die Beschaffung von schulgebundenen mobilen Endger\u00e4ten. 80 Prozent der zur Verf\u00fcgung stehenden Mittel entfallen dabei auf die Schaffung der Infrastruktur, 20 Prozent auf die Anschaffung der Ger\u00e4te.<\/p>\n<p>Ziel ist es, dass perspektivisch in nahezu jedem Raum der Bildungseinrichtung Wissen digital vermittelt und erworben werden kann.<\/p>\n<p><img loading=\"lazy\" decoding=\"async\" class=\"alignnone size-medium wp-image-1721\" src=\"https:\/\/www.grundschule-erich-weinert.de\/foevgsew\/wp-content\/uploads\/2021\/11\/185_19_Logo_Digitalpakt_Schule_01-251x300.jpg\" alt=\"\" width=\"251\" height=\"300\" srcset=\"https:\/\/www.grundschule-erich-weinert.de\/foevgsew\/wp-content\/uploads\/2021\/11\/185_19_Logo_Digitalpakt_Schule_01-251x300.jpg 251w, https:\/\/www.grundschule-erich-weinert.de\/foevgsew\/wp-content\/uploads\/2021\/11\/185_19_Logo_Digitalpakt_Schule_01.jpg 733w\" sizes=\"auto, (max-width: 251px) 100vw, 251px\" \/><\/p>\n","protected":false},"excerpt":{"rendered":"<p>DigitalPakt Schule &#8211; Investition in die digitale Infrastruktur der Grundschule \u201eErich Weinert\u201c Die kommunale Grundschule \u201eErich Weinert\u201c der Stadt Bitterfeld-Wolfen wird bei der Digitalisierung mit einer F\u00f6rderung in H\u00f6he von 132.050 Euro aus dem Programm \u201eDigitalPakt Schule\u201c des\u00a0 Bundesministeriums f\u00fcr Bildung und Forschung unterst\u00fctzt. Inklusive des zehnprozentigen Eigenmittelanteils werden bis 2024 in Summe 146.722 Euro [&hellip;]<\/p>\n","protected":false},"author":2,"featured_media":0,"comment_status":"open","ping_status":"open","sticky":false,"template":"","format":"standard","meta":{"footnotes":""},"categories":[1,43],"tags":[],"class_list":["post-1715","post","type-post","status-publish","format-standard","hentry","category-allgemein","category-digitalpakt-schule"],"_links":{"self":[{"href":"https:\/\/www.grundschule-erich-weinert.de\/index.php?rest_route=\/wp\/v2\/posts\/1715","targetHints":{"allow":["GET"]}}],"collection":[{"href":"https:\/\/www.grundschule-erich-weinert.de\/index.php?rest_route=\/wp\/v2\/posts"}],"about":[{"href":"https:\/\/www.grundschule-erich-weinert.de\/index.php?rest_route=\/wp\/v2\/types\/post"}],"author":[{"embeddable":true,"href":"https:\/\/www.grundschule-erich-weinert.de\/index.php?rest_route=\/wp\/v2\/users\/2"}],"replies":[{"embeddable":true,"href":"https:\/\/www.grundschule-erich-weinert.de\/index.php?rest_route=%2Fwp%2Fv2%2Fcomments&post=1715"}],"version-history":[{"count":3,"href":"https:\/\/www.grundschule-erich-weinert.de\/index.php?rest_route=\/wp\/v2\/posts\/1715\/revisions"}],"predecessor-version":[{"id":1722,"href":"https:\/\/www.grundschule-erich-weinert.de\/index.php?rest_route=\/wp\/v2\/posts\/1715\/revisions\/1722"}],"wp:attachment":[{"href":"https:\/\/www.grundschule-erich-weinert.de\/index.php?rest_route=%2Fwp%2Fv2%2Fmedia&parent=1715"}],"wp:term":[{"taxonomy":"category","embeddable":true,"href":"https:\/\/www.grundschule-erich-weinert.de\/index.php?rest_route=%2Fwp%2Fv2%2Fcategories&post=1715"},{"taxonomy":"post_tag","embeddable":true,"href":"https:\/\/www.grundschule-erich-weinert.de\/index.php?rest_route=%2Fwp%2Fv2%2Ftags&post=1715"}],"curies":[{"name":"wp","href":"https:\/\/api.w.org\/{rel}","templated":true}]}}