{"id":1723,"date":"2021-11-11T19:14:51","date_gmt":"2021-11-11T18:14:51","guid":{"rendered":"https:\/\/www.grundschule-erich-weinert.de\/foevgsew\/?p=1723"},"modified":"2021-11-11T19:14:51","modified_gmt":"2021-11-11T18:14:51","slug":"testpflicht-ausgeweitet","status":"publish","type":"post","link":"https:\/\/www.grundschule-erich-weinert.de\/?p=1723","title":{"rendered":"Testpflicht ausgeweitet"},"content":{"rendered":"<p>Liebe Eltern,<\/p>\n<p>sicher haben Sie aus der Presse bereits erfahren, dass die <strong>Testpflicht<\/strong> ab der kommenden Woche <strong>erweitert<\/strong> wird. Ab Montag werden wir dann wieder <strong>3 mal<\/strong> testen. Der Schulleiterbrief mit den entsprechenden Hinweisen ging uns heute Nachmittag zu. Unsere Ministerin bedauert es sehr, dass wieder einmal die Presse vor uns, den Betroffenen, von der Anpassung der Ma\u00dfnahmen erfahren hat und diese zum Teil auch stark verk\u00fcrzt und unvollst\u00e4ndig dargestellt hat.<\/p>\n<p>Im besagtem Brief ist vermerkt, dass die Tests nun <strong>grunds\u00e4tzlich in der Schule durchgef\u00fchrt<\/strong> werden m\u00fcssen. Dazu ist es notwendig, dass Sie das folgende Formular ausgef\u00fcllt mitgeben.<\/p>\n<p><a href=\"https:\/\/www.grundschule-erich-weinert.de\/foevgsew\/wp-content\/uploads\/2021\/11\/Einverstaendniserklaerung-SuS-Selbsttests_blanco.pdf\">Bitte anklicken: Einverstaendniserklaerung-SuS-Selbsttests_blanco<\/a><\/p>\n<p>Sehr sch\u00f6n w\u00e4re es, wenn Sie das <strong>ausgef\u00fcllte<\/strong> Formular <strong>schon morgen<\/strong> mitgeben k\u00f6nnten. <strong>Sp\u00e4testens am Montag<\/strong> ben\u00f6tigen wir dies jedoch.<\/p>\n<p>Vielen Dank f\u00fcr Ihre Mithilfe und auch daf\u00fcr, dass Sie gemeinsam mit uns den Schulbetrieb in diesen turbulenten Zeiten aufrechterhalten.<\/p>\n<p>Viele Gr\u00fc\u00dfe<\/p>\n<p>Sandra Berger im Namen des gesamten Teams<\/p>\n<p>&nbsp;<\/p>\n","protected":false},"excerpt":{"rendered":"<p>Liebe Eltern, sicher haben Sie aus der Presse bereits erfahren, dass die Testpflicht ab der kommenden Woche erweitert wird. Ab Montag werden wir dann wieder 3 mal testen. Der Schulleiterbrief mit den entsprechenden Hinweisen ging uns heute Nachmittag zu. Unsere Ministerin bedauert es sehr, dass wieder einmal die Presse vor uns, den Betroffenen, von der [&hellip;]<\/p>\n","protected":false},"author":2,"featured_media":0,"comment_status":"open","ping_status":"open","sticky":false,"template":"","format":"standard","meta":{"footnotes":""},"categories":[1],"tags":[],"class_list":["post-1723","post","type-post","status-publish","format-standard","hentry","category-allgemein"],"_links":{"self":[{"href":"https:\/\/www.grundschule-erich-weinert.de\/index.php?rest_route=\/wp\/v2\/posts\/1723","targetHints":{"allow":["GET"]}}],"collection":[{"href":"https:\/\/www.grundschule-erich-weinert.de\/index.php?rest_route=\/wp\/v2\/posts"}],"about":[{"href":"https:\/\/www.grundschule-erich-weinert.de\/index.php?rest_route=\/wp\/v2\/types\/post"}],"author":[{"embeddable":true,"href":"https:\/\/www.grundschule-erich-weinert.de\/index.php?rest_route=\/wp\/v2\/users\/2"}],"replies":[{"embeddable":true,"href":"https:\/\/www.grundschule-erich-weinert.de\/index.php?rest_route=%2Fwp%2Fv2%2Fcomments&post=1723"}],"version-history":[{"count":1,"href":"https:\/\/www.grundschule-erich-weinert.de\/index.php?rest_route=\/wp\/v2\/posts\/1723\/revisions"}],"predecessor-version":[{"id":1725,"href":"https:\/\/www.grundschule-erich-weinert.de\/index.php?rest_route=\/wp\/v2\/posts\/1723\/revisions\/1725"}],"wp:attachment":[{"href":"https:\/\/www.grundschule-erich-weinert.de\/index.php?rest_route=%2Fwp%2Fv2%2Fmedia&parent=1723"}],"wp:term":[{"taxonomy":"category","embeddable":true,"href":"https:\/\/www.grundschule-erich-weinert.de\/index.php?rest_route=%2Fwp%2Fv2%2Fcategories&post=1723"},{"taxonomy":"post_tag","embeddable":true,"href":"https:\/\/www.grundschule-erich-weinert.de\/index.php?rest_route=%2Fwp%2Fv2%2Ftags&post=1723"}],"curies":[{"name":"wp","href":"https:\/\/api.w.org\/{rel}","templated":true}]}}