{"id":1773,"date":"2022-01-23T16:33:38","date_gmt":"2022-01-23T15:33:38","guid":{"rendered":"https:\/\/www.grundschule-erich-weinert.de\/foevgsew\/?p=1773"},"modified":"2022-01-23T16:33:38","modified_gmt":"2022-01-23T15:33:38","slug":"wie-geht-es-weiter-schulbetrieb-bis-zu-den-winterferien","status":"publish","type":"post","link":"https:\/\/www.grundschule-erich-weinert.de\/?p=1773","title":{"rendered":"Wie geht es weiter?- Schulbetrieb bis zu den Winterferien"},"content":{"rendered":"<p><span style=\"-webkit-tap-highlight-color: rgba(0, 0, 0, 0);\">\u00a0Liebe Eltern, liebe Kinder so wie Sie bereits der Presse entnehmen konnten, wird uns die t\u00e4gliche Testpflicht als auch das Tragen der Masken im Unterricht weiter verfolgen. Wir erm\u00f6glichen den Kindern nat\u00fcrlich weiterhin regelm\u00e4\u00dfig Maskenpausen an der frischen Luft.<br \/>\nIn Anbetracht dieser Tatsache und des sich rasant ausbreitenden Infektionsgeschehens haben wir uns entschieden, so wie in den letzten beiden Wochen das Klassenleiter- Modell fortzusetzen.<br \/>\nVielen Dank f\u00fcr Ihre Mithilfe bei der Umsetzung der Ma\u00dfnahmen.<\/span><\/p>\n<p>&nbsp;<\/p>\n<p>Viele Gr\u00fc\u00dfe auch im Namen des Teams<\/p>\n<p>Sandra Berger<\/p>\n<p>&nbsp;<\/p>\n","protected":false},"excerpt":{"rendered":"<p>\u00a0Liebe Eltern, liebe Kinder so wie Sie bereits der Presse entnehmen konnten, wird uns die t\u00e4gliche Testpflicht als auch das Tragen der Masken im Unterricht weiter verfolgen. Wir erm\u00f6glichen den Kindern nat\u00fcrlich weiterhin regelm\u00e4\u00dfig Maskenpausen an der frischen Luft. In Anbetracht dieser Tatsache und des sich rasant ausbreitenden Infektionsgeschehens haben wir uns entschieden, so wie [&hellip;]<\/p>\n","protected":false},"author":2,"featured_media":0,"comment_status":"open","ping_status":"open","sticky":false,"template":"","format":"standard","meta":{"footnotes":""},"categories":[1],"tags":[],"class_list":["post-1773","post","type-post","status-publish","format-standard","hentry","category-allgemein"],"_links":{"self":[{"href":"https:\/\/www.grundschule-erich-weinert.de\/index.php?rest_route=\/wp\/v2\/posts\/1773","targetHints":{"allow":["GET"]}}],"collection":[{"href":"https:\/\/www.grundschule-erich-weinert.de\/index.php?rest_route=\/wp\/v2\/posts"}],"about":[{"href":"https:\/\/www.grundschule-erich-weinert.de\/index.php?rest_route=\/wp\/v2\/types\/post"}],"author":[{"embeddable":true,"href":"https:\/\/www.grundschule-erich-weinert.de\/index.php?rest_route=\/wp\/v2\/users\/2"}],"replies":[{"embeddable":true,"href":"https:\/\/www.grundschule-erich-weinert.de\/index.php?rest_route=%2Fwp%2Fv2%2Fcomments&post=1773"}],"version-history":[{"count":5,"href":"https:\/\/www.grundschule-erich-weinert.de\/index.php?rest_route=\/wp\/v2\/posts\/1773\/revisions"}],"predecessor-version":[{"id":1778,"href":"https:\/\/www.grundschule-erich-weinert.de\/index.php?rest_route=\/wp\/v2\/posts\/1773\/revisions\/1778"}],"wp:attachment":[{"href":"https:\/\/www.grundschule-erich-weinert.de\/index.php?rest_route=%2Fwp%2Fv2%2Fmedia&parent=1773"}],"wp:term":[{"taxonomy":"category","embeddable":true,"href":"https:\/\/www.grundschule-erich-weinert.de\/index.php?rest_route=%2Fwp%2Fv2%2Fcategories&post=1773"},{"taxonomy":"post_tag","embeddable":true,"href":"https:\/\/www.grundschule-erich-weinert.de\/index.php?rest_route=%2Fwp%2Fv2%2Ftags&post=1773"}],"curies":[{"name":"wp","href":"https:\/\/api.w.org\/{rel}","templated":true}]}}