{"id":2065,"date":"2026-04-30T13:20:11","date_gmt":"2026-04-30T11:20:11","guid":{"rendered":"https:\/\/www.grundschule-erich-weinert.de\/?p=2065"},"modified":"2026-04-30T13:20:11","modified_gmt":"2026-04-30T11:20:11","slug":"oppenheimstrasse-ab-4-05-2026-voll-gesperrt-aenderungen-im-linienverkehr","status":"publish","type":"post","link":"https:\/\/www.grundschule-erich-weinert.de\/?p=2065","title":{"rendered":"Oppenheimstra\u00dfe ab 4.05.2026 voll gesperrt!- \u00c4nderungen im Linienverkehr!"},"content":{"rendered":"<p>Liebe Eltern, bitte beachten Sie diese Nachricht der Vetter GmbH. Vielen Dank.<\/p>\n<p>&nbsp;<\/p>\n<p>Sehr geehrte Damen und Herren,<\/p>\n<p>&nbsp;<\/p>\n<p>wir m\u00f6chten Ihnen mitteilen, dass die <strong>Oppenheimstra\u00dfe in Wolfen ab Montag, 04.05. bis voraussichtlich 18.05.2026 voll gesperrt <\/strong>ist.<\/p>\n<p><strong>\u00a0<\/strong><\/p>\n<p><strong>Im Linienverkehr ergeben sich dadurch folgende \u00c4nderungen:<\/strong><\/p>\n<p><strong>\u00a0<\/strong><\/p>\n<p><strong><u>Linie 406<\/u><\/strong><\/p>\n<p>entfallende Haltestellen:<\/p>\n<p>Bahnhofstra\u00dfe (Fahrtrichtung Wolfen-Nord), Oppenheimstra\u00dfe, Rathaus S\u00fcdseite, Stadion<\/p>\n<p>Bitte nutzen Sie die Haltestellen Sonnenlandschule sowie die Ersatzhaltestellen in der Bunsenstra\u00dfe.<\/p>\n<p>&nbsp;<\/p>\n<p><strong><u>Linie 407<\/u><\/strong><\/p>\n<p>entfallende Haltestellen:<\/p>\n<p>Oppenheimstra\u00dfe, Rathaus, Kulturhaus (Fahrtrichtung Bitterfeld)<\/p>\n<p>Bitte nutzen Sie die Haltestelle Kulturhaus, die Ersatzhaltestelle Kulturhaus (Fahrtrichtung Bitterfeld) sowie die Haltestellen Filmweg.<\/p>\n<p>&nbsp;<\/p>\n<p><strong><u>Linie 412, Fahrt 101<\/u><\/strong><\/p>\n<p>entfallende Haltestellen:<\/p>\n<p>Kulturhaus, Rathaus, Oppenheimstra\u00dfe<\/p>\n<p>Bitte nutzen Sie die Ersatzhaltestelle Kulturhaus.<\/p>\n<p>&nbsp;<\/p>\n<p><strong><u>Linie 441, Fahrt 101<\/u><\/strong><\/p>\n<p>entfallende Haltestellen:<\/p>\n<p>Kulturhaus, Rathaus<\/p>\n<p>Bitte nutzen Sie die Ersatzhaltestelle Kulturhaus sowie die Haltestelle Kino.<\/p>\n<p>&nbsp;<\/p>\n<p><strong><u>Linie 726, Fahrt 4<\/u><\/strong><\/p>\n<p>Es kommt zu einer geringf\u00fcgigen Versp\u00e4tung.<\/p>\n<p>&nbsp;<\/p>\n<p>&nbsp;<\/p>\n<p>Vielen Dank f\u00fcr Ihr Verst\u00e4ndnis.<\/p>\n<p><strong>Dipl.-Ing. (FH) Silvio Kloppe<\/strong><br \/>\nVerkehrsplanung<\/p>\n<p>&nbsp;<\/p>\n<p><strong>Vetter GmbH <\/strong><\/p>\n<p>Omnibus und Mietwagenbetrieb Salzfurtkapelle<\/p>\n<p>Hinsdorfer Weg 1<\/p>\n<p>06780 Z\u00f6rbig\/ OT Salzfurtkapelle<\/p>\n<table style=\"font-weight: 400;\">\n<tbody>\n<tr>\n<td colspan=\"2\" width=\"319\"><\/td>\n<td colspan=\"2\" width=\"91\"><\/td>\n<\/tr>\n<tr>\n<td colspan=\"2\" width=\"319\"><\/td>\n<td colspan=\"2\" width=\"91\"><\/td>\n<\/tr>\n<tr>\n<td colspan=\"2\" width=\"319\"><\/td>\n<td colspan=\"2\" width=\"91\"><\/td>\n<\/tr>\n<tr>\n<td width=\"104\"><\/td>\n<td width=\"215\"><\/td>\n<td colspan=\"2\" width=\"91\"><\/td>\n<\/tr>\n<tr>\n<td colspan=\"2\" width=\"319\">&nbsp;<\/td>\n<td colspan=\"2\" width=\"91\">&nbsp;<\/td>\n<\/tr>\n<tr>\n<td width=\"104\"><\/td>\n<td width=\"215\"><\/td>\n<td width=\"3\"><\/td>\n<td width=\"88\"><\/td>\n<\/tr>\n<tr>\n<td colspan=\"4\" width=\"410\"><\/td>\n<\/tr>\n<\/tbody>\n<\/table>\n<p>&nbsp;<\/p>\n","protected":false},"excerpt":{"rendered":"<p>Liebe Eltern, bitte beachten Sie diese Nachricht der Vetter GmbH. Vielen Dank. &nbsp; Sehr geehrte Damen und Herren, &nbsp; wir m\u00f6chten Ihnen mitteilen, dass die Oppenheimstra\u00dfe in Wolfen ab Montag, 04.05. bis voraussichtlich 18.05.2026 voll gesperrt ist. \u00a0 Im Linienverkehr ergeben sich dadurch folgende \u00c4nderungen: \u00a0 Linie 406 entfallende Haltestellen: Bahnhofstra\u00dfe (Fahrtrichtung Wolfen-Nord), Oppenheimstra\u00dfe, Rathaus [&hellip;]<\/p>\n","protected":false},"author":2,"featured_media":0,"comment_status":"open","ping_status":"open","sticky":false,"template":"","format":"standard","meta":{"footnotes":""},"categories":[1],"tags":[],"class_list":["post-2065","post","type-post","status-publish","format-standard","hentry","category-allgemein"],"_links":{"self":[{"href":"https:\/\/www.grundschule-erich-weinert.de\/index.php?rest_route=\/wp\/v2\/posts\/2065","targetHints":{"allow":["GET"]}}],"collection":[{"href":"https:\/\/www.grundschule-erich-weinert.de\/index.php?rest_route=\/wp\/v2\/posts"}],"about":[{"href":"https:\/\/www.grundschule-erich-weinert.de\/index.php?rest_route=\/wp\/v2\/types\/post"}],"author":[{"embeddable":true,"href":"https:\/\/www.grundschule-erich-weinert.de\/index.php?rest_route=\/wp\/v2\/users\/2"}],"replies":[{"embeddable":true,"href":"https:\/\/www.grundschule-erich-weinert.de\/index.php?rest_route=%2Fwp%2Fv2%2Fcomments&post=2065"}],"version-history":[{"count":1,"href":"https:\/\/www.grundschule-erich-weinert.de\/index.php?rest_route=\/wp\/v2\/posts\/2065\/revisions"}],"predecessor-version":[{"id":2066,"href":"https:\/\/www.grundschule-erich-weinert.de\/index.php?rest_route=\/wp\/v2\/posts\/2065\/revisions\/2066"}],"wp:attachment":[{"href":"https:\/\/www.grundschule-erich-weinert.de\/index.php?rest_route=%2Fwp%2Fv2%2Fmedia&parent=2065"}],"wp:term":[{"taxonomy":"category","embeddable":true,"href":"https:\/\/www.grundschule-erich-weinert.de\/index.php?rest_route=%2Fwp%2Fv2%2Fcategories&post=2065"},{"taxonomy":"post_tag","embeddable":true,"href":"https:\/\/www.grundschule-erich-weinert.de\/index.php?rest_route=%2Fwp%2Fv2%2Ftags&post=2065"}],"curies":[{"name":"wp","href":"https:\/\/api.w.org\/{rel}","templated":true}]}}