{"id":563,"date":"2020-03-16T12:34:19","date_gmt":"2020-03-16T11:34:19","guid":{"rendered":"https:\/\/www.grundschule-erich-weinert.de\/foevgsew\/?p=563"},"modified":"2020-03-16T12:34:19","modified_gmt":"2020-03-16T11:34:19","slug":"notbetreuung-aktualisierung","status":"publish","type":"post","link":"https:\/\/www.grundschule-erich-weinert.de\/?p=563","title":{"rendered":"Notbetreuung Aktualisierung"},"content":{"rendered":"<p><a href=\"https:\/\/www.grundschule-erich-weinert.de\/foevgsew\/wp-content\/uploads\/2020\/03\/Nachweis_Notbetreuung_neu.pdf\">Nachweis_Notbetreuung_neu<\/a><\/p>\n<p><strong>Erg\u00e4nzungen zur Notbetreuung in den Kindereinrichtungen in Tr\u00e4gerschaft der Stadt Bitterfeld-Wolfen<\/strong><br \/>\nMit Erlass des Ministeriums f\u00fcr Arbeit, Soziales und Integration zur Schlie\u00dfung von Gemeinschaftseinrichtungen nach \u00a7 33 Hrn. 1, 2, 3 und 5 Infektionsschutzgesetz (IfSG) in Sachsen-Anhalt vom 15.03.2020 werden zur Verhinderung der weiteren Ausbreitung von SARS-CoV-2 alle Gemeinschaftseinrichtungen wie Schulen, Horte und Kindertagesst\u00e4tten zun\u00e4chst im Zeitraum vom 16.03.2020 bis 13.04.2020 grunds\u00e4tzlich geschlossen.<\/p>\n<p>Zur Sicherung einer \u00dcbergangszeit, die es den Betroffenen erm\u00f6glicht, sich auf die Folgen der Schlie\u00dfung einzustellen, sind f\u00fcr den Zeitraum vom 16.03 bis zum Ablauf des 17.03.2020 Nutzungen zu Betreuungszwecken zul\u00e4ssig. Ein Besuch der Einrichtungen an den beiden genannten Tagen ist damit m\u00f6glich, wenn die Eltern dies so entscheiden.<\/p>\n<p>F\u00fcr den Zeitraum ab 18.03.2020 wurde geregelt, dass betreuungsbed\u00fcrftige Kinder, die das zw\u00f6lfte Lebensjahr noch nicht vollendet haben oder behindert und auf Hilfe angewiesen sind, betreut werden, wenn beide Eltern\u00a0des Kindes oder\u00a0ein alleinerziehendes Elternteil zur Gruppe der unentbehrlichen Schl\u00fcsselpersonen geh\u00f6ren\u00a0und\u00a0keine alternative Betreuung\u00a0ihrer Kinder sichergestellt werden kann.<br \/>\nDazu z\u00e4hlen laut Erlass folgende Berufsgruppen\/Einrichtungen:<\/p>\n<ul>\n<li>Einrichtungen der Gesundheits-, Arzneimittelversorgung und der Pflege sowie der Behindertenhilfe, Kinder- und Jugendhilfe<\/li>\n<li>Versorgung (Energie, Wasser, Lebensmittelherstellung, Arznei)<\/li>\n<li>Justiz und Ma\u00dfregelvollzug<\/li>\n<li>Landesverteidigung<\/li>\n<li>\u00f6ffentliche Sicherheit und Ordnung einschlie\u00dflich Beh\u00f6rden des Arbeits-, Gesundheits- und Verbraucherschutzes<\/li>\n<li>Einrichtungen der nichtpolizeilichen Gefahrenabwehr (Feuerwehr, Rettungsdienst und Katastrophenschutz)<\/li>\n<li>Sicherung der \u00f6ffentlichen Infrastrukturen (Medien, Presse und Telekommunikationsdienste, Energie, Wasser, \u00d6PNV, Entsorgung)<\/li>\n<li>Versorgung mit Lebensmitteln und Hygieneartikeln<\/li>\n<li>Einrichtungen, die der Handlungsf\u00e4higkeit zentraler Stellen von Staat, Justiz und Verwaltung dienen<\/li>\n<\/ul>\n<p>Die berechtigten Eltern haben\u00a0bis <strong>Mittwoch, 18.03.2020, <\/strong>gegen\u00fcber der Leiterin der Einrichtung schriftlich einen Nachweis des Arbeitgebers oder Dienstherrn \u00fcber die\u00a0Zugeh\u00f6rigkeit zum berechtigten Personenkreis zu erbringen. Das beigef\u00fcgte \u00fcberarbeitete Formular kann hierf\u00fcr genutzt werden.<\/p>\n<p>Situationsbedingt k\u00f6nnen zu gegebener Zeit neue Entscheidungen getroffen werden. Hier\u00fcber werden Sie umgehend informiert.<br \/>\nDie freien Tr\u00e4ger werden f\u00fcr ihre Einrichtungen vergleichbare Regelungen treffen. Bitte wenden Sie sich in dem Fall an die jeweilige Leiterin oder den Tr\u00e4ger der Einrichtung.<br \/>\nDen Erlass finden Sie hier: <a href=\"https:\/\/ms.sachsen-anhalt.de\/fileadmin\/Bibliothek\/Politik_und_Verwaltung\/MS\/MS\/2_Gesundheit\/2020_03_15_Erlass-Notbetreuung.pdf\">ms.sachsen-anhalt.de\/fileadmin\/Bibliothek\/Politik_und_Verwaltung\/MS\/MS\/2_Gesundheit\/2020_03_15_Erlass-Notbetreuung.pdf<\/a><\/p>\n<p>Die Situation in den st\u00e4dtischen Kindertageseinrichtungen gestaltete sich heute Morgen unproblematisch. Insgesamt wurden 20 Kinder in den sieben\u00a0 Kindertageseinrichtungen (3 Kindertagesst\u00e4tten und 4 Horte) betreut. \u201eIn dieser Situation ist es f\u00fcr alle Beteiligten wichtig, Ruhe zu bewahren und gemeinsam nach L\u00f6sungen zu suchen. Unser aller Ziel ist die Verlangsamung der Ausbreitung des Virus. Dazu ist es wichtig, soziale Kontakte stark einzuschr\u00e4nken und eben auch \u2013 wie vom Land Sachsen-Anhalt angewiesen &#8211; Kindertageseinrichtungen zu schlie\u00dfen. Ich bitte Sie alle, seien Sie besonnen, meiden Sie Ansammlungen von Menschen und halten Sie Abstand\u201c, so Oberb\u00fcrgermeister Armin Schenk<br \/>\nViele Fragen konnten bereits gestern \u00fcber die Info-Telefone der Stadt abgekl\u00e4rt werden.<\/p>\n<p>Ein B\u00fcrgertelefon ist zu den \u00d6ffnungszeiten der Verwaltung unter 03494 6660-130 eingerichtet.<\/p>\n","protected":false},"excerpt":{"rendered":"<p>Nachweis_Notbetreuung_neu Erg\u00e4nzungen zur Notbetreuung in den Kindereinrichtungen in Tr\u00e4gerschaft der Stadt Bitterfeld-Wolfen Mit Erlass des Ministeriums f\u00fcr Arbeit, Soziales und Integration zur Schlie\u00dfung von Gemeinschaftseinrichtungen nach \u00a7 33 Hrn. 1, 2, 3 und 5 Infektionsschutzgesetz (IfSG) in Sachsen-Anhalt vom 15.03.2020 werden zur Verhinderung der weiteren Ausbreitung von SARS-CoV-2 alle Gemeinschaftseinrichtungen wie Schulen, Horte und Kindertagesst\u00e4tten [&hellip;]<\/p>\n","protected":false},"author":2,"featured_media":0,"comment_status":"open","ping_status":"open","sticky":false,"template":"","format":"standard","meta":{"footnotes":""},"categories":[1],"tags":[],"class_list":["post-563","post","type-post","status-publish","format-standard","hentry","category-allgemein"],"_links":{"self":[{"href":"https:\/\/www.grundschule-erich-weinert.de\/index.php?rest_route=\/wp\/v2\/posts\/563","targetHints":{"allow":["GET"]}}],"collection":[{"href":"https:\/\/www.grundschule-erich-weinert.de\/index.php?rest_route=\/wp\/v2\/posts"}],"about":[{"href":"https:\/\/www.grundschule-erich-weinert.de\/index.php?rest_route=\/wp\/v2\/types\/post"}],"author":[{"embeddable":true,"href":"https:\/\/www.grundschule-erich-weinert.de\/index.php?rest_route=\/wp\/v2\/users\/2"}],"replies":[{"embeddable":true,"href":"https:\/\/www.grundschule-erich-weinert.de\/index.php?rest_route=%2Fwp%2Fv2%2Fcomments&post=563"}],"version-history":[{"count":1,"href":"https:\/\/www.grundschule-erich-weinert.de\/index.php?rest_route=\/wp\/v2\/posts\/563\/revisions"}],"predecessor-version":[{"id":565,"href":"https:\/\/www.grundschule-erich-weinert.de\/index.php?rest_route=\/wp\/v2\/posts\/563\/revisions\/565"}],"wp:attachment":[{"href":"https:\/\/www.grundschule-erich-weinert.de\/index.php?rest_route=%2Fwp%2Fv2%2Fmedia&parent=563"}],"wp:term":[{"taxonomy":"category","embeddable":true,"href":"https:\/\/www.grundschule-erich-weinert.de\/index.php?rest_route=%2Fwp%2Fv2%2Fcategories&post=563"},{"taxonomy":"post_tag","embeddable":true,"href":"https:\/\/www.grundschule-erich-weinert.de\/index.php?rest_route=%2Fwp%2Fv2%2Ftags&post=563"}],"curies":[{"name":"wp","href":"https:\/\/api.w.org\/{rel}","templated":true}]}}